{"id":1423,"date":"2021-04-11T16:09:48","date_gmt":"2021-04-11T14:09:48","guid":{"rendered":"https:\/\/www.l-tour.be\/conferentie-ces-femmes-trop-meconnues-qui-changent-le-monde\/"},"modified":"2021-04-16T13:55:46","modified_gmt":"2021-04-16T11:55:46","slug":"conferentie-ces-femmes-trop-meconnues-qui-changent-le-monde","status":"publish","type":"post","link":"https:\/\/www.l-tour.be\/nl\/conferentie-ces-femmes-trop-meconnues-qui-changent-le-monde\/","title":{"rendered":"Conferentie &#8211; Ces femmes (trop m\u00e9connues) qui changent le monde"},"content":{"rendered":"<p>Notre panel du 10 mars 2021 donn\u00e9 en direct par zoom-webinaire \u00e0 l\u2019occasion de la Semaine des Droits Des Femmes, lanc\u00e9e par la Ville de Bruxelles (Cellule de l\u2019Egalit\u00e9 des Chances), a rencontr\u00e9 un beau succ\u00e8s.<\/p>\n<p>&nbsp;<\/p>\n<p>Nous avons invit\u00e9 des oratrices passionnantes pour pr\u00e9senter leurs r\u00e9alisations, venant du monde militant ou professionnel, couvrant des secteurs aussi diff\u00e9renci\u00e9s que les domaines du matrimoine, de l\u2019occupation de la ville, de l\u2019information sur le net, de transmission de la m\u00e9moire, de l\u2019analyse critique ou de moyens financiers octroy\u00e9s.<\/p>\n<p>&nbsp;<\/p>\n<p>Alors qu\u2019en soir\u00e9e le panel \u00e9tait d\u00e9j\u00e0 suivi par 282 personnes, une semaine plus tard cette audience avait d\u00e9j\u00e0 doubl\u00e9. Entretemps elle ne fait que continuer \u00e0 cro\u00eetre.<\/p>\n<p>Vous pouvez vous aussi \u00e0 pr\u00e9sent suivre en rediffusion ces beaux \u00e9changes : <a href=\"https:\/\/www.facebook.com\/Ltour.be\/videos\/432043814753018\/\">https:\/\/www.facebook.com\/Ltour.be\/videos\/432043814753018\/<\/a><\/p>\n<p>&nbsp;<\/p>\n<p>Panel : 19h \u2013 21h<br \/>\nQ&amp;R : 21h \u2013 21h30<\/p>\n<p>&nbsp;<\/p>\n<p><em>Avec les panelistes\u00a0:<\/em><\/p>\n<p><em>Apolline Vranken\u00a0\u2013 Fondatrice de la plateforme L\u2019architecture qui d\u00e9genre et\u00a0organisatrice des Journ\u00e9es du Matrimoine, auteure du Master \u00ab\u00a0Des b\u00e9guinages \u00e0 l\u2019architecture f\u00e9ministe\u00a0\u00bb.<\/em><\/p>\n<p><em>Manon Brulard\u00a0\u2013 Dynamique initiatrice de projets pour visibiliser les femmes, e.a. le Wikithon (Les Grenades),\u00a0 Hack the gender gap ou Equal Street Names &amp; Chayn Brussels.<\/em><\/p>\n<p><em>Anoushka Dufeil\u00a0\u2013 De la collective Noms Peut-\u00eatre, et ses Ballades f\u00e9ministes et ses actions pour repr\u00e9senter les femmes dans les universit\u00e9s, les rues et sur la carte de Bruxelles.<\/em><\/p>\n<p><em>Estelle Depris\u00a0\u2013 Co-r\u00e9alisatrice du remarqu\u00e9 podcast s\u00e9riel Sans Blanc De Rien qui d\u00e9monte les st\u00e9r\u00e9otypes et les pr\u00e9jug\u00e9s raciaux, r\u00e9compens\u00e9 par la RTBF.<\/em><\/p>\n<p><em>Marian Lens\u00a0\u2013 Sociologue (recherches sur les femmes et les lesbiennes), fondatrice du L-Tour et d\u2019autres associations f\u00e9ministes ou LGBTI (Artemys, membre-fondateur RainbowHouse).<\/em><\/p>\n<p><em>Mod\u00e9ratrice :\u00a0Elie Vandenbussche.<\/em><\/p>\n<p>&nbsp;<\/p>\n<p>Les femmes ont toujours occup\u00e9 une place pr\u00e9pond\u00e9rante comme actrices de changements de soci\u00e9t\u00e9.<\/p>\n<p>Pourtant elles restent consid\u00e9r\u00e9es comme irr\u00e9m\u00e9diablement \u00ab d\u00e9vou\u00e9es \u00bb, b\u00e9n\u00e9voles perp\u00e9tuelles, silenc\u00e9es dans une soci\u00e9t\u00e9 qui ne les con\u00e7oit que comme \u00ab petites mains \u00bb, sans aucun besoin sp\u00e9cifique pour r\u00e9aliser les changements sociaux qu\u2019elles visent, en particulier quand ils les concernent en tant que groupe social sp\u00e9cifiquement discrimin\u00e9 (les \u00ab assign\u00e9es-femmes \u00bb).<\/p>\n<p>Quels objectifs visent-elles ? Quels enjeux soci\u00e9taux mettent-elles en avant ? Quels moyens trouvent-elles et, \u00e0 d\u00e9faut, cr\u00e9ent-elles?<\/p>\n<p>De nouveaux m\u00e9tiers leur octroieraient-ils meilleure possibilit\u00e9 d\u2019atteindre leurs objectifs ?<\/p>\n<p>L\u2019objectif est :<\/p>\n<ul>\n<li>d\u2019\u00e9clairer comment les femmes \u00ab qui changent le monde \u00bb r\u00e9alisent leurs objectifs. Comment elles cr\u00e9ent par ailleurs des moyens et des outils de changement, \u00e0 d\u00e9faut de pouvoir y acc\u00e9der par les voies dominantes ou habituelles ;<\/li>\n<li>de voir comment elles transmettent ces informations (m\u00e9moire), quelle analyse critique et quels moyens p\u00e9dagogiques elles d\u00e9ploient et d\u00e9veloppent ;<\/li>\n<li>de d\u00e9couvrir comment elles cr\u00e9ent des ponts de solidarit\u00e9, pour optimaliser leurs chances de succ\u00e8s et incorporer toutes les dimensions n\u00e9cessaires aux changements, et prendre en compte toutes les communaut\u00e9s discrimin\u00e9es, d\u2019autant plus si elles sont sur-discrimin\u00e9es.<\/li>\n<\/ul>\n<p><strong>Avec le soutien de la Ville de Bruxelles \u2013 Cellule de l\u2019Egalit\u00e9 des Chances.<\/strong><\/p>\n","protected":false},"excerpt":{"rendered":"<p>Notre panel du 10 mars 2021 donn\u00e9 en direct par zoom-webinaire \u00e0 l\u2019occasion de la Semaine des Droits Des Femmes, lanc\u00e9e par la Ville de Bruxelles (Cellule de l\u2019Egalit\u00e9 des Chances), a rencontr\u00e9 un beau succ\u00e8s. &nbsp; Nous avons invit\u00e9 des oratrices passionnantes pour pr\u00e9senter leurs r\u00e9alisations, venant du monde militant ou professionnel, couvrant des&hellip;<\/p>\n","protected":false},"author":1,"featured_media":1385,"comment_status":"closed","ping_status":"open","sticky":false,"template":"","format":"standard","meta":{"footnotes":""},"categories":[112,49],"tags":[],"class_list":["post-1423","post","type-post","status-publish","format-standard","has-post-thumbnail","hentry","category-conferentie","category-terugkeer","category-112","category-49","description-off"],"yoast_head":"<!-- This site is optimized with the Yoast SEO plugin v27.4 - https:\/\/yoast.com\/product\/yoast-seo-wordpress\/ -->\n<title>Conferentie - Ces femmes (trop m\u00e9connues) qui changent le monde - L-Tour<\/title>\n<meta name=\"robots\" content=\"index, follow, max-snippet:-1, max-image-preview:large, max-video-preview:-1\" \/>\n<link rel=\"canonical\" href=\"https:\/\/www.l-tour.be\/nl\/conferentie-ces-femmes-trop-meconnues-qui-changent-le-monde\/\" \/>\n<meta property=\"og:locale\" content=\"nl_NL\" \/>\n<meta property=\"og:type\" content=\"article\" \/>\n<meta property=\"og:title\" content=\"Conferentie - Ces femmes (trop m\u00e9connues) qui changent le monde - L-Tour\" \/>\n<meta property=\"og:description\" content=\"Notre panel du 10 mars 2021 donn\u00e9 en direct par zoom-webinaire \u00e0 l\u2019occasion de la Semaine des Droits Des Femmes, lanc\u00e9e par la Ville de Bruxelles (Cellule de l\u2019Egalit\u00e9 des Chances), a rencontr\u00e9 un beau succ\u00e8s. &nbsp; Nous avons invit\u00e9 des oratrices passionnantes pour pr\u00e9senter leurs r\u00e9alisations, venant du monde militant ou professionnel, couvrant des&hellip;\" \/>\n<meta property=\"og:url\" content=\"https:\/\/www.l-tour.be\/nl\/conferentie-ces-femmes-trop-meconnues-qui-changent-le-monde\/\" \/>\n<meta property=\"og:site_name\" content=\"L-Tour\" \/>\n<meta property=\"article:published_time\" content=\"2021-04-11T14:09:48+00:00\" \/>\n<meta property=\"article:modified_time\" content=\"2021-04-16T11:55:46+00:00\" \/>\n<meta property=\"og:image\" content=\"https:\/\/www.l-tour.be\/wp-content\/uploads\/2021\/02\/Ltour_Event_10032021-1.jpg\" \/>\n\t<meta property=\"og:image:width\" content=\"1920\" \/>\n\t<meta property=\"og:image:height\" content=\"1005\" \/>\n\t<meta property=\"og:image:type\" content=\"image\/jpeg\" \/>\n<meta name=\"author\" content=\"Louise\" \/>\n<meta name=\"twitter:card\" content=\"summary_large_image\" \/>\n<meta name=\"twitter:label1\" content=\"Geschreven door\" \/>\n\t<meta name=\"twitter:data1\" content=\"Louise\" \/>\n\t<meta name=\"twitter:label2\" content=\"Geschatte leestijd\" \/>\n\t<meta name=\"twitter:data2\" content=\"3 minuten\" \/>\n<script type=\"application\/ld+json\" class=\"yoast-schema-graph\">{\"@context\":\"https:\\\/\\\/schema.org\",\"@graph\":[{\"@type\":\"Article\",\"@id\":\"https:\\\/\\\/www.l-tour.be\\\/nl\\\/conferentie-ces-femmes-trop-meconnues-qui-changent-le-monde\\\/#article\",\"isPartOf\":{\"@id\":\"https:\\\/\\\/www.l-tour.be\\\/nl\\\/conferentie-ces-femmes-trop-meconnues-qui-changent-le-monde\\\/\"},\"author\":{\"name\":\"Louise\",\"@id\":\"https:\\\/\\\/www.l-tour.be\\\/nl\\\/#\\\/schema\\\/person\\\/abf6de4fc3aa75e536f97f6a2ffa74ab\"},\"headline\":\"Conferentie &#8211; Ces femmes (trop m\u00e9connues) qui changent le monde\",\"datePublished\":\"2021-04-11T14:09:48+00:00\",\"dateModified\":\"2021-04-16T11:55:46+00:00\",\"mainEntityOfPage\":{\"@id\":\"https:\\\/\\\/www.l-tour.be\\\/nl\\\/conferentie-ces-femmes-trop-meconnues-qui-changent-le-monde\\\/\"},\"wordCount\":554,\"image\":{\"@id\":\"https:\\\/\\\/www.l-tour.be\\\/nl\\\/conferentie-ces-femmes-trop-meconnues-qui-changent-le-monde\\\/#primaryimage\"},\"thumbnailUrl\":\"https:\\\/\\\/www.l-tour.be\\\/wp-content\\\/uploads\\\/2021\\\/02\\\/Ltour_Event_10032021-1.jpg\",\"articleSection\":[\"Conferentie\",\"Terugkeer\"],\"inLanguage\":\"nl-NL\"},{\"@type\":\"WebPage\",\"@id\":\"https:\\\/\\\/www.l-tour.be\\\/nl\\\/conferentie-ces-femmes-trop-meconnues-qui-changent-le-monde\\\/\",\"url\":\"https:\\\/\\\/www.l-tour.be\\\/nl\\\/conferentie-ces-femmes-trop-meconnues-qui-changent-le-monde\\\/\",\"name\":\"Conferentie - Ces femmes (trop m\u00e9connues) qui changent le monde - L-Tour\",\"isPartOf\":{\"@id\":\"https:\\\/\\\/www.l-tour.be\\\/nl\\\/#website\"},\"primaryImageOfPage\":{\"@id\":\"https:\\\/\\\/www.l-tour.be\\\/nl\\\/conferentie-ces-femmes-trop-meconnues-qui-changent-le-monde\\\/#primaryimage\"},\"image\":{\"@id\":\"https:\\\/\\\/www.l-tour.be\\\/nl\\\/conferentie-ces-femmes-trop-meconnues-qui-changent-le-monde\\\/#primaryimage\"},\"thumbnailUrl\":\"https:\\\/\\\/www.l-tour.be\\\/wp-content\\\/uploads\\\/2021\\\/02\\\/Ltour_Event_10032021-1.jpg\",\"datePublished\":\"2021-04-11T14:09:48+00:00\",\"dateModified\":\"2021-04-16T11:55:46+00:00\",\"author\":{\"@id\":\"https:\\\/\\\/www.l-tour.be\\\/nl\\\/#\\\/schema\\\/person\\\/abf6de4fc3aa75e536f97f6a2ffa74ab\"},\"breadcrumb\":{\"@id\":\"https:\\\/\\\/www.l-tour.be\\\/nl\\\/conferentie-ces-femmes-trop-meconnues-qui-changent-le-monde\\\/#breadcrumb\"},\"inLanguage\":\"nl-NL\",\"potentialAction\":[{\"@type\":\"ReadAction\",\"target\":[\"https:\\\/\\\/www.l-tour.be\\\/nl\\\/conferentie-ces-femmes-trop-meconnues-qui-changent-le-monde\\\/\"]}]},{\"@type\":\"ImageObject\",\"inLanguage\":\"nl-NL\",\"@id\":\"https:\\\/\\\/www.l-tour.be\\\/nl\\\/conferentie-ces-femmes-trop-meconnues-qui-changent-le-monde\\\/#primaryimage\",\"url\":\"https:\\\/\\\/www.l-tour.be\\\/wp-content\\\/uploads\\\/2021\\\/02\\\/Ltour_Event_10032021-1.jpg\",\"contentUrl\":\"https:\\\/\\\/www.l-tour.be\\\/wp-content\\\/uploads\\\/2021\\\/02\\\/Ltour_Event_10032021-1.jpg\",\"width\":1920,\"height\":1005},{\"@type\":\"BreadcrumbList\",\"@id\":\"https:\\\/\\\/www.l-tour.be\\\/nl\\\/conferentie-ces-femmes-trop-meconnues-qui-changent-le-monde\\\/#breadcrumb\",\"itemListElement\":[{\"@type\":\"ListItem\",\"position\":1,\"name\":\"Home\",\"item\":\"https:\\\/\\\/www.l-tour.be\\\/nl\\\/\"},{\"@type\":\"ListItem\",\"position\":2,\"name\":\"Conferentie &#8211; Ces femmes (trop m\u00e9connues) qui changent le monde\"}]},{\"@type\":\"WebSite\",\"@id\":\"https:\\\/\\\/www.l-tour.be\\\/nl\\\/#website\",\"url\":\"https:\\\/\\\/www.l-tour.be\\\/nl\\\/\",\"name\":\"L-Tour\",\"description\":\"LGBTQI+ Guiding Tours in Brussels\",\"potentialAction\":[{\"@type\":\"SearchAction\",\"target\":{\"@type\":\"EntryPoint\",\"urlTemplate\":\"https:\\\/\\\/www.l-tour.be\\\/nl\\\/?s={search_term_string}\"},\"query-input\":{\"@type\":\"PropertyValueSpecification\",\"valueRequired\":true,\"valueName\":\"search_term_string\"}}],\"inLanguage\":\"nl-NL\"},{\"@type\":\"Person\",\"@id\":\"https:\\\/\\\/www.l-tour.be\\\/nl\\\/#\\\/schema\\\/person\\\/abf6de4fc3aa75e536f97f6a2ffa74ab\",\"name\":\"Louise\",\"url\":\"https:\\\/\\\/www.l-tour.be\\\/nl\\\/\"}]}<\/script>\n<!-- \/ Yoast SEO plugin. -->","yoast_head_json":{"title":"Conferentie - Ces femmes (trop m\u00e9connues) qui changent le monde - L-Tour","robots":{"index":"index","follow":"follow","max-snippet":"max-snippet:-1","max-image-preview":"max-image-preview:large","max-video-preview":"max-video-preview:-1"},"canonical":"https:\/\/www.l-tour.be\/nl\/conferentie-ces-femmes-trop-meconnues-qui-changent-le-monde\/","og_locale":"nl_NL","og_type":"article","og_title":"Conferentie - Ces femmes (trop m\u00e9connues) qui changent le monde - L-Tour","og_description":"Notre panel du 10 mars 2021 donn\u00e9 en direct par zoom-webinaire \u00e0 l\u2019occasion de la Semaine des Droits Des Femmes, lanc\u00e9e par la Ville de Bruxelles (Cellule de l\u2019Egalit\u00e9 des Chances), a rencontr\u00e9 un beau succ\u00e8s. &nbsp; Nous avons invit\u00e9 des oratrices passionnantes pour pr\u00e9senter leurs r\u00e9alisations, venant du monde militant ou professionnel, couvrant des&hellip;","og_url":"https:\/\/www.l-tour.be\/nl\/conferentie-ces-femmes-trop-meconnues-qui-changent-le-monde\/","og_site_name":"L-Tour","article_published_time":"2021-04-11T14:09:48+00:00","article_modified_time":"2021-04-16T11:55:46+00:00","og_image":[{"width":1920,"height":1005,"url":"https:\/\/www.l-tour.be\/wp-content\/uploads\/2021\/02\/Ltour_Event_10032021-1.jpg","type":"image\/jpeg"}],"author":"Louise","twitter_card":"summary_large_image","twitter_misc":{"Geschreven door":"Louise","Geschatte leestijd":"3 minuten"},"schema":{"@context":"https:\/\/schema.org","@graph":[{"@type":"Article","@id":"https:\/\/www.l-tour.be\/nl\/conferentie-ces-femmes-trop-meconnues-qui-changent-le-monde\/#article","isPartOf":{"@id":"https:\/\/www.l-tour.be\/nl\/conferentie-ces-femmes-trop-meconnues-qui-changent-le-monde\/"},"author":{"name":"Louise","@id":"https:\/\/www.l-tour.be\/nl\/#\/schema\/person\/abf6de4fc3aa75e536f97f6a2ffa74ab"},"headline":"Conferentie &#8211; Ces femmes (trop m\u00e9connues) qui changent le monde","datePublished":"2021-04-11T14:09:48+00:00","dateModified":"2021-04-16T11:55:46+00:00","mainEntityOfPage":{"@id":"https:\/\/www.l-tour.be\/nl\/conferentie-ces-femmes-trop-meconnues-qui-changent-le-monde\/"},"wordCount":554,"image":{"@id":"https:\/\/www.l-tour.be\/nl\/conferentie-ces-femmes-trop-meconnues-qui-changent-le-monde\/#primaryimage"},"thumbnailUrl":"https:\/\/www.l-tour.be\/wp-content\/uploads\/2021\/02\/Ltour_Event_10032021-1.jpg","articleSection":["Conferentie","Terugkeer"],"inLanguage":"nl-NL"},{"@type":"WebPage","@id":"https:\/\/www.l-tour.be\/nl\/conferentie-ces-femmes-trop-meconnues-qui-changent-le-monde\/","url":"https:\/\/www.l-tour.be\/nl\/conferentie-ces-femmes-trop-meconnues-qui-changent-le-monde\/","name":"Conferentie - Ces femmes (trop m\u00e9connues) qui changent le monde - L-Tour","isPartOf":{"@id":"https:\/\/www.l-tour.be\/nl\/#website"},"primaryImageOfPage":{"@id":"https:\/\/www.l-tour.be\/nl\/conferentie-ces-femmes-trop-meconnues-qui-changent-le-monde\/#primaryimage"},"image":{"@id":"https:\/\/www.l-tour.be\/nl\/conferentie-ces-femmes-trop-meconnues-qui-changent-le-monde\/#primaryimage"},"thumbnailUrl":"https:\/\/www.l-tour.be\/wp-content\/uploads\/2021\/02\/Ltour_Event_10032021-1.jpg","datePublished":"2021-04-11T14:09:48+00:00","dateModified":"2021-04-16T11:55:46+00:00","author":{"@id":"https:\/\/www.l-tour.be\/nl\/#\/schema\/person\/abf6de4fc3aa75e536f97f6a2ffa74ab"},"breadcrumb":{"@id":"https:\/\/www.l-tour.be\/nl\/conferentie-ces-femmes-trop-meconnues-qui-changent-le-monde\/#breadcrumb"},"inLanguage":"nl-NL","potentialAction":[{"@type":"ReadAction","target":["https:\/\/www.l-tour.be\/nl\/conferentie-ces-femmes-trop-meconnues-qui-changent-le-monde\/"]}]},{"@type":"ImageObject","inLanguage":"nl-NL","@id":"https:\/\/www.l-tour.be\/nl\/conferentie-ces-femmes-trop-meconnues-qui-changent-le-monde\/#primaryimage","url":"https:\/\/www.l-tour.be\/wp-content\/uploads\/2021\/02\/Ltour_Event_10032021-1.jpg","contentUrl":"https:\/\/www.l-tour.be\/wp-content\/uploads\/2021\/02\/Ltour_Event_10032021-1.jpg","width":1920,"height":1005},{"@type":"BreadcrumbList","@id":"https:\/\/www.l-tour.be\/nl\/conferentie-ces-femmes-trop-meconnues-qui-changent-le-monde\/#breadcrumb","itemListElement":[{"@type":"ListItem","position":1,"name":"Home","item":"https:\/\/www.l-tour.be\/nl\/"},{"@type":"ListItem","position":2,"name":"Conferentie &#8211; Ces femmes (trop m\u00e9connues) qui changent le monde"}]},{"@type":"WebSite","@id":"https:\/\/www.l-tour.be\/nl\/#website","url":"https:\/\/www.l-tour.be\/nl\/","name":"L-Tour","description":"LGBTQI+ Guiding Tours in Brussels","potentialAction":[{"@type":"SearchAction","target":{"@type":"EntryPoint","urlTemplate":"https:\/\/www.l-tour.be\/nl\/?s={search_term_string}"},"query-input":{"@type":"PropertyValueSpecification","valueRequired":true,"valueName":"search_term_string"}}],"inLanguage":"nl-NL"},{"@type":"Person","@id":"https:\/\/www.l-tour.be\/nl\/#\/schema\/person\/abf6de4fc3aa75e536f97f6a2ffa74ab","name":"Louise","url":"https:\/\/www.l-tour.be\/nl\/"}]}},"_links":{"self":[{"href":"https:\/\/www.l-tour.be\/nl\/wp-json\/wp\/v2\/posts\/1423","targetHints":{"allow":["GET"]}}],"collection":[{"href":"https:\/\/www.l-tour.be\/nl\/wp-json\/wp\/v2\/posts"}],"about":[{"href":"https:\/\/www.l-tour.be\/nl\/wp-json\/wp\/v2\/types\/post"}],"author":[{"embeddable":true,"href":"https:\/\/www.l-tour.be\/nl\/wp-json\/wp\/v2\/users\/1"}],"replies":[{"embeddable":true,"href":"https:\/\/www.l-tour.be\/nl\/wp-json\/wp\/v2\/comments?post=1423"}],"version-history":[{"count":1,"href":"https:\/\/www.l-tour.be\/nl\/wp-json\/wp\/v2\/posts\/1423\/revisions"}],"predecessor-version":[{"id":1513,"href":"https:\/\/www.l-tour.be\/nl\/wp-json\/wp\/v2\/posts\/1423\/revisions\/1513"}],"wp:featuredmedia":[{"embeddable":true,"href":"https:\/\/www.l-tour.be\/nl\/wp-json\/wp\/v2\/media\/1385"}],"wp:attachment":[{"href":"https:\/\/www.l-tour.be\/nl\/wp-json\/wp\/v2\/media?parent=1423"}],"wp:term":[{"taxonomy":"category","embeddable":true,"href":"https:\/\/www.l-tour.be\/nl\/wp-json\/wp\/v2\/categories?post=1423"},{"taxonomy":"post_tag","embeddable":true,"href":"https:\/\/www.l-tour.be\/nl\/wp-json\/wp\/v2\/tags?post=1423"}],"curies":[{"name":"wp","href":"https:\/\/api.w.org\/{rel}","templated":true}]}}